{"id":4708,"date":"2024-10-28T12:53:29","date_gmt":"2024-10-28T11:53:29","guid":{"rendered":"https:\/\/www.hoteldeverdun1882.com\/?p=4708"},"modified":"2024-11-12T14:36:54","modified_gmt":"2024-11-12T13:36:54","slug":"sesion-de-firmas-13-11","status":"publish","type":"post","link":"https:\/\/www.hoteldeverdun1882.com\/es\/seance-de-signature-13-11\/","title":{"rendered":"Primera velada literaria: Camille Vi\u00e9ville y ONO 15\/05\/2024."},"content":{"rendered":"<div data-elementor-type=\"wp-post\" data-elementor-id=\"4708\" class=\"elementor elementor-4708\" data-elementor-post-type=\"post\">\n\t\t\t\t<div class=\"elementor-element elementor-element-262c1aff e-flex e-con-boxed e-con e-parent\" data-id=\"262c1aff\" data-element_type=\"container\" data-e-type=\"container\">\n\t\t\t\t\t<div class=\"e-con-inner\">\n\t\t\t\t<div class=\"elementor-element elementor-element-293ac5f0 elementor-widget elementor-widget-text-editor\" data-id=\"293ac5f0\" data-element_type=\"widget\" data-e-type=\"widget\" data-widget_type=\"text-editor.default\">\n\t\t\t\t<div class=\"elementor-widget-container\">\n\t\t\t\t\t\t\t\t\t<p><\/p>\n<p>En el transcurso del debate, Camille habl\u00f3 apasionadamente sobre la fascinante historia de Yoko Ono, su carrera art\u00edstica y su influencia en el mundo del arte. Los invitados pudieron descubrir un lado \u00edntimo de la artista, a trav\u00e9s de las palabras y reflexiones de Camille sobre su vida y su obra.\u00a0<\/p>\n<p>\u00a0<\/p>\n<p>Este primer evento marca el inicio de una serie de encuentros literarios en el H\u00f4tel de Verdun 1882, un momento para compartir y descubrir donde el arte, la literatura y la convivencia se unen para ofrecer a todos una experiencia cultural atemporal.<\/p>\n<p><\/p>\n<p>\u00a0<\/p>\n<p><\/p>\t\t\t\t\t\t\t\t<\/div>\n\t\t\t\t<\/div>\n\t\t\t\t\t<\/div>\n\t\t\t\t<\/div>\n\t\t<div class=\"elementor-element elementor-element-a998130 e-flex e-con-boxed e-con e-parent\" data-id=\"a998130\" data-element_type=\"container\" data-e-type=\"container\">\n\t\t\t\t\t<div class=\"e-con-inner\">\n\t\t\t\t<div class=\"elementor-element elementor-element-7086fc0 elementor-widget elementor-widget-image\" data-id=\"7086fc0\" data-element_type=\"widget\" data-e-type=\"widget\" data-widget_type=\"image.default\">\n\t\t\t\t<div class=\"elementor-widget-container\">\n\t\t\t\t\t\t\t\t\t\t\t\t\t\t\t<img fetchpriority=\"high\" decoding=\"async\" width=\"768\" height=\"675\" src=\"https:\/\/www.hoteldeverdun1882.com\/wp-content\/uploads\/2024\/10\/Copie-de-Black-Orange-Typographic-Modern-Musical-Event-Poster-1719-x-1510-px-768x675.png\" class=\"attachment-medium_large size-medium_large wp-image-4769\" alt=\"Foto -\" srcset=\"https:\/\/www.hoteldeverdun1882.com\/wp-content\/uploads\/2024\/10\/Copie-de-Black-Orange-Typographic-Modern-Musical-Event-Poster-1719-x-1510-px-768x675.png 768w, https:\/\/www.hoteldeverdun1882.com\/wp-content\/uploads\/2024\/10\/Copie-de-Black-Orange-Typographic-Modern-Musical-Event-Poster-1719-x-1510-px-300x264.png 300w, https:\/\/www.hoteldeverdun1882.com\/wp-content\/uploads\/2024\/10\/Copie-de-Black-Orange-Typographic-Modern-Musical-Event-Poster-1719-x-1510-px-1024x900.png 1024w, https:\/\/www.hoteldeverdun1882.com\/wp-content\/uploads\/2024\/10\/Copie-de-Black-Orange-Typographic-Modern-Musical-Event-Poster-1719-x-1510-px-1536x1349.png 1536w, https:\/\/www.hoteldeverdun1882.com\/wp-content\/uploads\/2024\/10\/Copie-de-Black-Orange-Typographic-Modern-Musical-Event-Poster-1719-x-1510-px-2048x1799.png 2048w, https:\/\/www.hoteldeverdun1882.com\/wp-content\/uploads\/2024\/10\/Copie-de-Black-Orange-Typographic-Modern-Musical-Event-Poster-1719-x-1510-px-14x12.png 14w\" sizes=\"(max-width: 768px) 100vw, 768px\" title=\"Foto -\">\t\t\t\t\t\t\t\t\t\t\t\t\t\t\t<\/div>\n\t\t\t\t<\/div>\n\t\t\t\t\t<\/div>\n\t\t\t\t<\/div>\n\t\t\t\t<\/div>","protected":false},"excerpt":{"rendered":"<p>El H\u00f4tel de Verdun 1882 tuvo el placer de acoger su primera velada literaria el 15 de mayo de 2024, en colaboraci\u00f3n con la librer\u00eda l'\u0152il Cacodylate. Este acto inaugural estuvo marcado por un encuentro \u00fanico con Camille Vi\u00e9ville, que vino a compartir su libro ONO, una exploraci\u00f3n po\u00e9tica y personal de la figura de Yoko Ono.<\/p>","protected":false},"author":12,"featured_media":4742,"comment_status":"open","ping_status":"open","sticky":false,"template":"","format":"standard","meta":{"inline_featured_image":false,"footnotes":""},"categories":[15],"tags":[],"class_list":["post-4708","post","type-post","status-publish","format-standard","has-post-thumbnail","hentry","category-evenement"],"_links":{"self":[{"href":"https:\/\/www.hoteldeverdun1882.com\/es\/wp-json\/wp\/v2\/posts\/4708","targetHints":{"allow":["GET"]}}],"collection":[{"href":"https:\/\/www.hoteldeverdun1882.com\/es\/wp-json\/wp\/v2\/posts"}],"about":[{"href":"https:\/\/www.hoteldeverdun1882.com\/es\/wp-json\/wp\/v2\/types\/post"}],"author":[{"embeddable":true,"href":"https:\/\/www.hoteldeverdun1882.com\/es\/wp-json\/wp\/v2\/users\/12"}],"replies":[{"embeddable":true,"href":"https:\/\/www.hoteldeverdun1882.com\/es\/wp-json\/wp\/v2\/comments?post=4708"}],"version-history":[{"count":9,"href":"https:\/\/www.hoteldeverdun1882.com\/es\/wp-json\/wp\/v2\/posts\/4708\/revisions"}],"predecessor-version":[{"id":4781,"href":"https:\/\/www.hoteldeverdun1882.com\/es\/wp-json\/wp\/v2\/posts\/4708\/revisions\/4781"}],"wp:featuredmedia":[{"embeddable":true,"href":"https:\/\/www.hoteldeverdun1882.com\/es\/wp-json\/wp\/v2\/media\/4742"}],"wp:attachment":[{"href":"https:\/\/www.hoteldeverdun1882.com\/es\/wp-json\/wp\/v2\/media?parent=4708"}],"wp:term":[{"taxonomy":"category","embeddable":true,"href":"https:\/\/www.hoteldeverdun1882.com\/es\/wp-json\/wp\/v2\/categories?post=4708"},{"taxonomy":"post_tag","embeddable":true,"href":"https:\/\/www.hoteldeverdun1882.com\/es\/wp-json\/wp\/v2\/tags?post=4708"}],"curies":[{"name":"wp","href":"https:\/\/api.w.org\/{rel}","templated":true}]}}